{"id":603,"date":"2021-03-14T18:17:20","date_gmt":"2021-03-14T17:17:20","guid":{"rendered":"https:\/\/fit-in-bieselsberg.de\/wordpress\/?p=603"},"modified":"2021-03-14T18:17:20","modified_gmt":"2021-03-14T17:17:20","slug":"in-den-startloechern","status":"publish","type":"post","link":"https:\/\/fit-in-bieselsberg.de\/wordpress\/?p=603","title":{"rendered":"In den Startl\u00f6chern!??"},"content":{"rendered":"\n<p>Die ersten Lockerungen gibt es bereits, aber die Mutanten sind auf dem Vormarsch. Wir k\u00f6nnen noch keine Aussage f\u00fcr einen Neustart machen, bereiten uns aber darauf vor. Unsere Trainerinnen sind bereit, die Hygienema\u00dfnahmen stehen. Nach dem Zeitplan der Landesregierung k\u00f6nnen wir nach den Osterferien starten, ob Corona das zul\u00e4sst wei\u00df man nicht. Hoffen wir das Beste!<\/p>\n\n\n\n<p><\/p>\n\n\n\n<figure class=\"wp-block-image size-large\"><a href=\"https:\/\/fit-in-bieselsberg.de\/wordpress\/wp-content\/uploads\/2021\/03\/20210314_175230.jpg\"><img loading=\"lazy\" decoding=\"async\" width=\"941\" height=\"941\" src=\"https:\/\/fit-in-bieselsberg.de\/wordpress\/wp-content\/uploads\/2021\/03\/20210314_175230.jpg\" alt=\"\" class=\"wp-image-604\" srcset=\"https:\/\/fit-in-bieselsberg.de\/wordpress\/wp-content\/uploads\/2021\/03\/20210314_175230.jpg 941w, https:\/\/fit-in-bieselsberg.de\/wordpress\/wp-content\/uploads\/2021\/03\/20210314_175230-300x300.jpg 300w, https:\/\/fit-in-bieselsberg.de\/wordpress\/wp-content\/uploads\/2021\/03\/20210314_175230-150x150.jpg 150w, https:\/\/fit-in-bieselsberg.de\/wordpress\/wp-content\/uploads\/2021\/03\/20210314_175230-768x768.jpg 768w, https:\/\/fit-in-bieselsberg.de\/wordpress\/wp-content\/uploads\/2021\/03\/20210314_175230-624x624.jpg 624w\" sizes=\"auto, (max-width: 941px) 100vw, 941px\" \/><\/a><\/figure>\n","protected":false},"excerpt":{"rendered":"<p>Die ersten Lockerungen gibt es bereits, aber die Mutanten sind auf dem Vormarsch. Wir k\u00f6nnen noch keine Aussage f\u00fcr einen Neustart machen, bereiten uns aber darauf vor. Unsere Trainerinnen sind bereit, die Hygienema\u00dfnahmen stehen. Nach dem Zeitplan der Landesregierung k\u00f6nnen wir nach den Osterferien starten, ob Corona das zul\u00e4sst wei\u00df man nicht. Hoffen wir das [&hellip;]<\/p>\n","protected":false},"author":3,"featured_media":0,"comment_status":"closed","ping_status":"closed","sticky":false,"template":"","format":"standard","meta":{"footnotes":""},"categories":[1],"tags":[],"class_list":["post-603","post","type-post","status-publish","format-standard","hentry","category-fit-in-bieselsberg"],"_links":{"self":[{"href":"https:\/\/fit-in-bieselsberg.de\/wordpress\/index.php?rest_route=\/wp\/v2\/posts\/603","targetHints":{"allow":["GET"]}}],"collection":[{"href":"https:\/\/fit-in-bieselsberg.de\/wordpress\/index.php?rest_route=\/wp\/v2\/posts"}],"about":[{"href":"https:\/\/fit-in-bieselsberg.de\/wordpress\/index.php?rest_route=\/wp\/v2\/types\/post"}],"author":[{"embeddable":true,"href":"https:\/\/fit-in-bieselsberg.de\/wordpress\/index.php?rest_route=\/wp\/v2\/users\/3"}],"replies":[{"embeddable":true,"href":"https:\/\/fit-in-bieselsberg.de\/wordpress\/index.php?rest_route=%2Fwp%2Fv2%2Fcomments&post=603"}],"version-history":[{"count":2,"href":"https:\/\/fit-in-bieselsberg.de\/wordpress\/index.php?rest_route=\/wp\/v2\/posts\/603\/revisions"}],"predecessor-version":[{"id":606,"href":"https:\/\/fit-in-bieselsberg.de\/wordpress\/index.php?rest_route=\/wp\/v2\/posts\/603\/revisions\/606"}],"wp:attachment":[{"href":"https:\/\/fit-in-bieselsberg.de\/wordpress\/index.php?rest_route=%2Fwp%2Fv2%2Fmedia&parent=603"}],"wp:term":[{"taxonomy":"category","embeddable":true,"href":"https:\/\/fit-in-bieselsberg.de\/wordpress\/index.php?rest_route=%2Fwp%2Fv2%2Fcategories&post=603"},{"taxonomy":"post_tag","embeddable":true,"href":"https:\/\/fit-in-bieselsberg.de\/wordpress\/index.php?rest_route=%2Fwp%2Fv2%2Ftags&post=603"}],"curies":[{"name":"wp","href":"https:\/\/api.w.org\/{rel}","templated":true}]}}