{"id":554,"date":"2020-06-02T11:19:54","date_gmt":"2020-06-02T09:19:54","guid":{"rendered":"https:\/\/fit-in-bieselsberg.de\/wordpress\/?p=554"},"modified":"2020-06-02T11:19:54","modified_gmt":"2020-06-02T09:19:54","slug":"coronapause-wir-bleiben-noch-zuhause","status":"publish","type":"post","link":"https:\/\/fit-in-bieselsberg.de\/wordpress\/?p=554","title":{"rendered":"Coronapause &#8211; wir bleiben noch Zuhause"},"content":{"rendered":"\n<figure class=\"wp-block-image size-large\"><img loading=\"lazy\" decoding=\"async\" width=\"1024\" height=\"768\" src=\"https:\/\/fit-in-bieselsberg.de\/wordpress\/wp-content\/uploads\/2020\/06\/20200425_155921-1024x768.jpg\" alt=\"\" class=\"wp-image-555\" srcset=\"https:\/\/fit-in-bieselsberg.de\/wordpress\/wp-content\/uploads\/2020\/06\/20200425_155921-1024x768.jpg 1024w, https:\/\/fit-in-bieselsberg.de\/wordpress\/wp-content\/uploads\/2020\/06\/20200425_155921-300x225.jpg 300w, https:\/\/fit-in-bieselsberg.de\/wordpress\/wp-content\/uploads\/2020\/06\/20200425_155921-768x576.jpg 768w, https:\/\/fit-in-bieselsberg.de\/wordpress\/wp-content\/uploads\/2020\/06\/20200425_155921-624x468.jpg 624w, https:\/\/fit-in-bieselsberg.de\/wordpress\/wp-content\/uploads\/2020\/06\/20200425_155921.jpg 1184w\" sizes=\"auto, (max-width: 1024px) 100vw, 1024px\" \/><\/figure>\n\n\n\n<p>Das Corona Virus hat auch unseren Verein fest im Griff.<\/p>\n\n\n\n<p>Wir haben die Randbedingungen gepr\u00fcft, nach denen ab dem 2. Juni die \u00dcbungsstunden in der Halle wieder m\u00f6glich sind und uns innerhalb des Vorstandes entschlossen, mit dem regul\u00e4ren Betrieb noch zu warten. Wir m\u00fcssten einen getrennten Eingang und Ausgang realisieren, Desinfektionsmittelspender kaufen und anbringen, die Halle in 9 Felder aufteilen, den Zeitplan anpassen und alle Stunden neu organisieren. Intensive Ausdauersportarten, bei uns Aerobic, Jumping Fitness, Zumba und Functional Fitness sind nach wie vor nicht erlaubt, die Pilates-, R\u00fcckenfit und Fit in den Tag Gruppen deutlich gr\u00f6\u00dfer als die m\u00f6glichen 8 Teilnehmer. Eine teilweise Wiederaufnahme dieser \u00dcbungsstunden w\u00fcrde einen zus\u00e4tzlichen organisatorischen Aufwand voraussetzen, den momentan niemand leisten kann.<\/p>\n\n\n\n<p>Die Auflagen und Vorschriften der Landesregierung \u00e4ndern sich sehr schnell, wir informieren uns st\u00e4ndig, auch mit Unterst\u00fctzung des STB, der wertvolle Informationen zur Verf\u00fcgung stellt. Wir werden nat\u00fcrlich entsprechend reagieren, wenn weitere Lockerungen anstehen und bei uns umsetzbar sind.<\/p>\n\n\n\n<p>Wir pr\u00fcfen derzeit auch, ob und wie der \u00dcbungsbetrieb im Freien stattfinden kann, aber auch hier gibt es Umst\u00e4nde, wie das Wetter, das Gel\u00e4nde und die Teilnehmer-organisation, die ber\u00fccksichtigt werden m\u00fcssen.<\/p>\n\n\n\n<p>Eure Gesundheit und die unserer TrainerInnen liegt uns sehr am Herzen, wir werden hier keine Kompromisse machen, die wir nicht auch vertreten k\u00f6nnen.<\/p>\n\n\n\n<p>Bleibt gesund.<\/p>\n","protected":false},"excerpt":{"rendered":"<p>Das Corona Virus hat auch unseren Verein fest im Griff. Wir haben die Randbedingungen gepr\u00fcft, nach denen ab dem 2. Juni die \u00dcbungsstunden in der Halle wieder m\u00f6glich sind und uns innerhalb des Vorstandes entschlossen, mit dem regul\u00e4ren Betrieb noch zu warten. Wir m\u00fcssten einen getrennten Eingang und Ausgang realisieren, Desinfektionsmittelspender kaufen und anbringen, die [&hellip;]<\/p>\n","protected":false},"author":2,"featured_media":0,"comment_status":"closed","ping_status":"closed","sticky":false,"template":"","format":"standard","meta":{"footnotes":""},"categories":[1],"tags":[],"class_list":["post-554","post","type-post","status-publish","format-standard","hentry","category-fit-in-bieselsberg"],"_links":{"self":[{"href":"https:\/\/fit-in-bieselsberg.de\/wordpress\/index.php?rest_route=\/wp\/v2\/posts\/554","targetHints":{"allow":["GET"]}}],"collection":[{"href":"https:\/\/fit-in-bieselsberg.de\/wordpress\/index.php?rest_route=\/wp\/v2\/posts"}],"about":[{"href":"https:\/\/fit-in-bieselsberg.de\/wordpress\/index.php?rest_route=\/wp\/v2\/types\/post"}],"author":[{"embeddable":true,"href":"https:\/\/fit-in-bieselsberg.de\/wordpress\/index.php?rest_route=\/wp\/v2\/users\/2"}],"replies":[{"embeddable":true,"href":"https:\/\/fit-in-bieselsberg.de\/wordpress\/index.php?rest_route=%2Fwp%2Fv2%2Fcomments&post=554"}],"version-history":[{"count":5,"href":"https:\/\/fit-in-bieselsberg.de\/wordpress\/index.php?rest_route=\/wp\/v2\/posts\/554\/revisions"}],"predecessor-version":[{"id":560,"href":"https:\/\/fit-in-bieselsberg.de\/wordpress\/index.php?rest_route=\/wp\/v2\/posts\/554\/revisions\/560"}],"wp:attachment":[{"href":"https:\/\/fit-in-bieselsberg.de\/wordpress\/index.php?rest_route=%2Fwp%2Fv2%2Fmedia&parent=554"}],"wp:term":[{"taxonomy":"category","embeddable":true,"href":"https:\/\/fit-in-bieselsberg.de\/wordpress\/index.php?rest_route=%2Fwp%2Fv2%2Fcategories&post=554"},{"taxonomy":"post_tag","embeddable":true,"href":"https:\/\/fit-in-bieselsberg.de\/wordpress\/index.php?rest_route=%2Fwp%2Fv2%2Ftags&post=554"}],"curies":[{"name":"wp","href":"https:\/\/api.w.org\/{rel}","templated":true}]}}