{"id":1292,"date":"2025-02-07T14:12:05","date_gmt":"2025-02-07T13:12:05","guid":{"rendered":"https:\/\/fit-in-bieselsberg.de\/wordpress\/?p=1292"},"modified":"2025-02-07T14:14:10","modified_gmt":"2025-02-07T13:14:10","slug":"1292","status":"publish","type":"post","link":"https:\/\/fit-in-bieselsberg.de\/wordpress\/?p=1292","title":{"rendered":"Fitness Day &#8217;25"},"content":{"rendered":"\n<figure class=\"wp-block-image size-full\"><a href=\"https:\/\/fit-in-bieselsberg.de\/wordpress\/wp-content\/uploads\/2025\/02\/Plakat.jpg\"><img loading=\"lazy\" decoding=\"async\" width=\"723\" height=\"1024\" src=\"https:\/\/fit-in-bieselsberg.de\/wordpress\/wp-content\/uploads\/2025\/02\/Plakat.jpg\" alt=\"\" class=\"wp-image-1293\" srcset=\"https:\/\/fit-in-bieselsberg.de\/wordpress\/wp-content\/uploads\/2025\/02\/Plakat.jpg 723w, https:\/\/fit-in-bieselsberg.de\/wordpress\/wp-content\/uploads\/2025\/02\/Plakat-212x300.jpg 212w, https:\/\/fit-in-bieselsberg.de\/wordpress\/wp-content\/uploads\/2025\/02\/Plakat-624x884.jpg 624w\" sizes=\"auto, (max-width: 723px) 100vw, 723px\" \/><\/a><\/figure>\n\n\n\n<p>Wir starten den Tag mit der fr\u00f6hlichen lebenslustigen Vlada und Zumba. Sie wird uns mit hei\u00dfen Rhythmen wie Salsa, Merengue, Rumba, Chacha mit einfachen Schritten und Bewegungen und viel Temperament mitrei\u00dfen und trainieren. In der zweiten Stunde wird uns Vlada mit dem neuen CIRCL Mobility Training, das Flexibilit\u00e4ts-, Atem- und Mobilit\u00e4ts-\u00dcbungen beinhaltet, den ganzen K\u00f6rper beweglich machen.<\/p>\n\n\n\n<p>In der einst\u00fcndigen Pause gibt es f\u00fcr alle Teilnehmer ein gemeinsames Fr\u00fchst\u00fcck zur St\u00e4rkung und zum Kennenlernen und Zeit f\u00fcr nette Gespr\u00e4che.<\/p>\n\n\n\n<p>Am Nachmittag freuen wir uns sehr auf Dana. Sie hat uns schon beim letzten Fitness Day begeistert. Dana startet mit einer Deepwork Stunde. Dies ist ein intensives Ganzk\u00f6rper-Workout, das deinen K\u00f6rper in sieben Phasen auf ein neues Fitnesslevel hebt.&nbsp;Es kombiniert Elemente aus Krafttraining, Ausdauertraining und Entspannungs\u00fcbungen miteinander. Danach gibt es noch eine sehr entspannende Yoga-Stunde mit Dana, die den gro\u00dfartigen Sporttag ruhig ausklingen l\u00e4sst.<\/p>\n\n\n\n<p><strong>Anmeldung<\/strong>:<\/p>\n\n\n\n<div class=\"wp-block-buttons is-content-justification-space-between is-layout-flex wp-container-core-buttons-is-layout-3d213aab wp-block-buttons-is-layout-flex\">\n<div class=\"wp-block-button is-style-fill\"><a class=\"wp-block-button__link wp-element-button\" href=\"https:\/\/verein4483.intelliverein.de\/?kursid=4079\"><strong><mark style=\"background-color:#e6e6e6\" class=\"has-inline-color has-dark-gray-color\">Ganztag<\/mark><\/strong><\/a><\/div>\n\n\n\n<div class=\"wp-block-button is-style-fill\"><a class=\"wp-block-button__link wp-element-button\" href=\"https:\/\/verein4483.intelliverein.de\/?kursid=4080\"><strong><mark style=\"background-color:rgba(0, 0, 0, 0)\" class=\"has-inline-color has-dark-gray-color\">Vormittag<\/mark><\/strong><\/a><\/div>\n\n\n\n<div class=\"wp-block-button is-style-fill\"><a class=\"wp-block-button__link wp-element-button\" href=\"https:\/\/verein4483.intelliverein.de\/?kursid=4081\"><strong><mark style=\"background-color:rgba(0, 0, 0, 0)\" class=\"has-inline-color has-dark-gray-color\">Nachmittag<\/mark><\/strong><\/a><\/div>\n<\/div>\n\n\n\n<div class=\"wp-block-buttons is-content-justification-space-between is-layout-flex wp-container-core-buttons-is-layout-3d213aab wp-block-buttons-is-layout-flex\"><\/div>\n\n\n\n<div class=\"wp-block-buttons is-content-justification-center is-layout-flex wp-container-core-buttons-is-layout-16018d1d wp-block-buttons-is-layout-flex\"><\/div>\n\n\n\n<div class=\"wp-block-buttons is-content-justification-right is-layout-flex wp-container-core-buttons-is-layout-255577d1 wp-block-buttons-is-layout-flex\"><\/div>\n\n\n\n<p><\/p>\n","protected":false},"excerpt":{"rendered":"<p>Wir starten den Tag mit der fr\u00f6hlichen lebenslustigen Vlada und Zumba. Sie wird uns mit hei\u00dfen Rhythmen wie Salsa, Merengue, Rumba, Chacha mit einfachen Schritten und Bewegungen und viel Temperament mitrei\u00dfen und trainieren. In der zweiten Stunde wird uns Vlada mit dem neuen CIRCL Mobility Training, das Flexibilit\u00e4ts-, Atem- und Mobilit\u00e4ts-\u00dcbungen beinhaltet, den ganzen K\u00f6rper [&hellip;]<\/p>\n","protected":false},"author":3,"featured_media":0,"comment_status":"closed","ping_status":"closed","sticky":false,"template":"","format":"standard","meta":{"footnotes":""},"categories":[1],"tags":[],"class_list":["post-1292","post","type-post","status-publish","format-standard","hentry","category-fit-in-bieselsberg"],"_links":{"self":[{"href":"https:\/\/fit-in-bieselsberg.de\/wordpress\/index.php?rest_route=\/wp\/v2\/posts\/1292","targetHints":{"allow":["GET"]}}],"collection":[{"href":"https:\/\/fit-in-bieselsberg.de\/wordpress\/index.php?rest_route=\/wp\/v2\/posts"}],"about":[{"href":"https:\/\/fit-in-bieselsberg.de\/wordpress\/index.php?rest_route=\/wp\/v2\/types\/post"}],"author":[{"embeddable":true,"href":"https:\/\/fit-in-bieselsberg.de\/wordpress\/index.php?rest_route=\/wp\/v2\/users\/3"}],"replies":[{"embeddable":true,"href":"https:\/\/fit-in-bieselsberg.de\/wordpress\/index.php?rest_route=%2Fwp%2Fv2%2Fcomments&post=1292"}],"version-history":[{"count":10,"href":"https:\/\/fit-in-bieselsberg.de\/wordpress\/index.php?rest_route=\/wp\/v2\/posts\/1292\/revisions"}],"predecessor-version":[{"id":1304,"href":"https:\/\/fit-in-bieselsberg.de\/wordpress\/index.php?rest_route=\/wp\/v2\/posts\/1292\/revisions\/1304"}],"wp:attachment":[{"href":"https:\/\/fit-in-bieselsberg.de\/wordpress\/index.php?rest_route=%2Fwp%2Fv2%2Fmedia&parent=1292"}],"wp:term":[{"taxonomy":"category","embeddable":true,"href":"https:\/\/fit-in-bieselsberg.de\/wordpress\/index.php?rest_route=%2Fwp%2Fv2%2Fcategories&post=1292"},{"taxonomy":"post_tag","embeddable":true,"href":"https:\/\/fit-in-bieselsberg.de\/wordpress\/index.php?rest_route=%2Fwp%2Fv2%2Ftags&post=1292"}],"curies":[{"name":"wp","href":"https:\/\/api.w.org\/{rel}","templated":true}]}}